{"id":2023,"date":"2015-07-28T20:17:37","date_gmt":"2015-07-28T18:17:37","guid":{"rendered":"http:\/\/divine.si\/blog\/?p=2023"},"modified":"2015-07-29T01:17:57","modified_gmt":"2015-07-28T23:17:57","slug":"cudna-si","status":"publish","type":"post","link":"http:\/\/divine.si\/blog\/cudna-si\/","title":{"rendered":"\u010cudna si&#8230;"},"content":{"rendered":"<div class=\"fcbkbttn_buttons_block\" id=\"fcbkbttn_left\"><div class=\"fcbkbttn_button\">\n                            <a href=\"https:\/\/www.facebook.com\/\" target=\"_blank\">\n                                <img decoding=\"async\" src=\"http:\/\/divine.si\/blog\/wp-content\/plugins\/facebook-button-plugin\/images\/standard-facebook-ico.png\" alt=\"Fb-Button\" \/>\n                            <\/a>\n                        <\/div><div class=\"fcbkbttn_like \"><fb:like href=\"http:\/\/divine.si\/blog\/cudna-si\/\" action=\"like\" colorscheme=\"light\" layout=\"button_count\"  size=\"small\"><\/fb:like><\/div><\/div><p>Kako se odzove\u0161, ko ti nekdo pove, da si \u010dudna? Prizadeto? U\u017ealjeno? Nelagodno?<\/p>\n<p>Ok. poznam vse tri odzive. Pa ne pomaga, da bi bilo kaj la\u017eje. Nikoli ni. \u0160e vedno \u010dutim, kot bi me zadela topovska krogla, ko mi kdo re\u010de, da sem \u010dudna.<br \/>\nIn, ko je h\u010di v svojem spisu zapisala, da ima \u010dudno mamo, sem potrebovala kar nekaj \u010dasa, da sem globoko vdihnila in se soo\u010dila z dejstvom&#8230; res sem \u010dudna. Delam stvari, za katere \u0161e sama te\u017eko razlo\u017eim, kaj po\u010dnem. In ko moje otroke vpra\u0161ajo kaj delam&#8230; ja no, kaj naj re\u010dem, so raje tiho, ker ne vedo kaj naj odgovorijo. Ne, nisem normalna, delam z maternicami (s tem, da nisem zdravnica, da se razumemo) in s svetim prostorom.<\/p>\n<p>Moje prekletstvo je, da sem \u010dudna. Vedno sem bila in verjetno vedno bom. O tem ne bi mogla razpravljati. In kljub temu, da si je moj otrok neko\u010d \u017eelel &#8220;normalno&#8221; mamo, danes pove, da ji je to, da sem \u010dudna (iskreno povem, da sem raje \u010dudna kot nenormalna) samo pomagalo, da je sprejela to, da &#8220;normalno&#8221; pravzaprav ne obstaja.<\/p>\n<p>Vsaka \u017eenska je edinstvena, enkratna in neponovljiva Ona. Samo ena. Nikoli ni bilo tak\u0161ne, nikoli ve\u010d je ne bo. In vendar si prizadevamo, vsak dan, da bi bile nekdo drug. Ho\u010demo ve\u010d, manj, dalj\u0161e, kralj\u0161e, &#8230; skratka nikoli ni prav.<\/p>\n<p>In iz tega nezadovoljstva s seboj, se poraja ugajanje, ustrezanje, prilagajanje mnenju drugih. Dovolj je, da mo\u0161ki re\u010de, da mu je bilo na tej igralki v\u0161e\u010d to in to, pa bi takoj spremenile par stvari na sebi. In ker smo \u017eenske zunanje motivirane, kar v praksi pomeni, da nam mnenje drugih pomeni ve\u010d, kot na\u0161e lastno, ki ga pogosto sploh nimamo, smo se ve\u010d kot pripravljene prilagajati, da bi bile sprejete.<\/p>\n<p>In ja, \u010dudna sem. Kljub temu, da sem se prilagajala in posku\u0161ala ustre\u010di tistim, ki sem jih imela rada in sem njihovo mnenje cenila, me za\u010duda mnenje mno\u017eice ni zares zanimalo. Trendi, sploh modni so bili vedno nekaj, kar sem zlahka spregledala. Obla\u010dila, ki sem jih nosila so imela vedno eno zelo pomembno lastnost&#8230; udobnost \u010dez vse. In to je nekaj, kar je \u0161e vedno zelo pomemben aspekt v mojem \u017eivljenju&#8230; udobnost \u010dez vse. Mehkoba, ne\u017enost, pli\u0161asto, dekce in blazinice. Pop kultura je nekaj kar z zanimanjem opazujem &#8211; od dale\u010d.<\/p>\n<p>\u010ce me je \u017eivljenje nau\u010dilo \u010desa pomembnega, potem je to brez dvoma lekcija o rasti.<br \/>\nDa bi lahko rasli v svojem \u017eivljenju, moramo biti kot drevo. Drevo ima kro\u0161njo, deblo in korenine. Deblo je zavest, korenine so podzavest in kro\u0161nja nadzavest. \u010ce \u017eeli\u0161 \u0161iriti svojo kro\u0161njo, mora\u0161 oja\u010dati korenine. S svetlobo zavesti je potrebno presvetliti svojo podzavest, vse kar se skriva v tvoji senci, da bi bile tvoje korenine mo\u010dne. Korenine so pomembne, ker drevo ukoreninjajo, kar je bistvenega pomena, ko v tvojem \u017eivljenju zapiha veter sprememb.<\/p>\n<p>Danes sre\u010dujem \u0161tevilne \u017eenske, ki \u017eelijo imeti veeeeliko in bujno kro\u0161njo, delajo na sebi in meditirajo, vendar pozabljajo, da drevo pade, \u010de so korenine preplitve in pre\u0161ibke za kro\u0161njo, kot jo \u017eelijo imeti. Nujno je okrepiti korenine, da bi drevo obstalo in bujno raslo.<\/p>\n<p>Osebnostna rast je povezana s tem, da s svetlobo zavesti presvetljuje\u0161 svojo podzavest, da ozave\u0161\u010da\u0161 svoje maske, spoznava\u0161 persono, svojo osebnost, svoj ego. Pomembno je samozavedanje &#8211; poznavanje vseh \u0161ibkih in mo\u010dnih plati tvoje osebnosti. Ni modro, da ta del sebe zanika\u0161, se z njim bori\u0161 ali od njega be\u017ei\u0161. Da ne govorim o vseh priro\u010dnih metodah brisanja in rezanja tistega, kar nam ni v\u0161e\u010d. Pravzaprav samo to, da si pri\u010da sama sebi, zado\u0161\u010da.<\/p>\n<p>Na drugi strani je ravno tako pomembno s svetlobo zavesti osvetliti svojo nadzavest, se zavestno zavedati svojih potencialov in Darov in skozi duhovne prakse utele\u0161ati svojo izvorno esenco. Pomembno je razumeti, da so mo\u0161ke duhovne prakse druga\u010dne od \u017eenskih duhovnih praks in da je razlika zaradi tega, ker na\u0161 sistem, na\u0161e telo in mo\u017egani delujejo razli\u010dno. \u017denske duhovne prakse so ples, petje, praznovanje, \u010da\u0161\u010denje \u017eivljenja skozi rituale, \u010de na\u0161tejem le tiste najbolj o\u010ditne..<\/p>\n<p>Pomembno je, da se \u0161iri\u0161 skozi svoje veje in utele\u0161a\u0161 skozi svoje korenine. Pomembno je zavestno zavedanje, da je tvoja stabilnost odvisna od notranjega ravnovesja. In zato vse borilne ve\u0161\u010dine tega sveta govorijo o tem, kako pomembno je, da si v svojem centru.<\/p>\n<p>\u017denska anatomija postavlja center v maternico. In ja, zadnjih 6 let govorim o maternici \u017eenske, o tem, kako pomembno je, da smo povezane s seboj in da ljubimo najprej sebe, \u010de \u017eelimo to deliti z drugimi. Najprej moramo ljubiti sebe, vzljubiti vse dele sebe, da lahko to, kdo sem, delimo s svetom. Danes \u0161e vedno velika ve\u010dina, predvsem \u017eensk, ne ve, kako dragocena je \u017eenska za ta svet.<\/p>\n<p>To kar me je nau\u010dila moja h\u010di je, da je pomembno pogledati v sebi, kaj je zame resnica in kaj ni &#8211; zame. In ko sem za vsak slu\u010daj vseeno preverila pri svojem mo\u017eu, \u010de sem res \u010dudna, me je potola\u017eil; Ljubica rad te imam to\u010dno tak\u0161no kot si.<\/p>\n<p>Na\u0161i mo\u0161ki so res zlati&#8230;<\/p>\n<p>Bodi sijajno!<br \/>\nTaja Albolena<\/p>\n","protected":false},"excerpt":{"rendered":"<p>Kako se odzove\u0161, ko ti nekdo pove, da si \u010dudna? Prizadeto? U\u017ealjeno? Nelagodno? Ok. poznam vse tri odzive. Pa ne pomaga, da bi bilo kaj la\u017eje. Nikoli ni. \u0160e vedno \u010dutim, kot bi me zadela topovska krogla, ko mi kdo re\u010de, da sem \u010dudna. In, ko je h\u010di v svojem spisu zapisala, da ima \u010dudno [&hellip;]<\/p>\n","protected":false},"author":1,"featured_media":0,"comment_status":"open","ping_status":"open","sticky":false,"template":"","format":"standard","meta":{"footnotes":""},"categories":[1,3],"tags":[],"class_list":["post-2023","post","type-post","status-publish","format-standard","hentry","category-ljubim-sebe","category-zenska"],"_links":{"self":[{"href":"http:\/\/divine.si\/blog\/wp-json\/wp\/v2\/posts\/2023","targetHints":{"allow":["GET"]}}],"collection":[{"href":"http:\/\/divine.si\/blog\/wp-json\/wp\/v2\/posts"}],"about":[{"href":"http:\/\/divine.si\/blog\/wp-json\/wp\/v2\/types\/post"}],"author":[{"embeddable":true,"href":"http:\/\/divine.si\/blog\/wp-json\/wp\/v2\/users\/1"}],"replies":[{"embeddable":true,"href":"http:\/\/divine.si\/blog\/wp-json\/wp\/v2\/comments?post=2023"}],"version-history":[{"count":5,"href":"http:\/\/divine.si\/blog\/wp-json\/wp\/v2\/posts\/2023\/revisions"}],"predecessor-version":[{"id":2029,"href":"http:\/\/divine.si\/blog\/wp-json\/wp\/v2\/posts\/2023\/revisions\/2029"}],"wp:attachment":[{"href":"http:\/\/divine.si\/blog\/wp-json\/wp\/v2\/media?parent=2023"}],"wp:term":[{"taxonomy":"category","embeddable":true,"href":"http:\/\/divine.si\/blog\/wp-json\/wp\/v2\/categories?post=2023"},{"taxonomy":"post_tag","embeddable":true,"href":"http:\/\/divine.si\/blog\/wp-json\/wp\/v2\/tags?post=2023"}],"curies":[{"name":"wp","href":"https:\/\/api.w.org\/{rel}","templated":true}]}}