{"id":371,"date":"2013-03-04T12:51:11","date_gmt":"2013-03-04T11:51:11","guid":{"rendered":"http:\/\/divine.si\/blog\/?p=371"},"modified":"2013-03-08T12:35:46","modified_gmt":"2013-03-08T11:35:46","slug":"ker-sem-tega-vredna","status":"publish","type":"post","link":"http:\/\/divine.si\/blog\/ker-sem-tega-vredna\/","title":{"rendered":"Ker sem tega vredna"},"content":{"rendered":"<div class=\"fcbkbttn_buttons_block\" id=\"fcbkbttn_left\"><div class=\"fcbkbttn_button\">\n                            <a href=\"https:\/\/www.facebook.com\/\" target=\"_blank\">\n                                <img decoding=\"async\" src=\"http:\/\/divine.si\/blog\/wp-content\/plugins\/facebook-button-plugin\/images\/standard-facebook-ico.png\" alt=\"Fb-Button\" \/>\n                            <\/a>\n                        <\/div><div class=\"fcbkbttn_like \"><fb:like href=\"http:\/\/divine.si\/blog\/ker-sem-tega-vredna\/\" action=\"like\" colorscheme=\"light\" layout=\"button_count\"  size=\"small\"><\/fb:like><\/div><\/div><p>18 dni intentivnega osredoto\u010danja na hvale\u017enost je za nami in to notranje popotovanje, tako kot mnoga pred njim, mi odpira vrata v notranjost. Ker poleg tega potujem s skupino tudi skozi DivineFeminine in prebujam svojo \u017eenstvenost, se mi je odstrl pogled na pomemben del\u010dek mojega notranjega mozaika.<\/p>\n<p>\u0160tevilni ljudje mi povedo, da so imeli na za\u010detku, ko so me spoznali ob\u010dutek, da sem vzvi\u0161ena in arogantna. Ko je tovrstna pripomba prvi\u010d pri\u0161la do mene sem bila osupla, kajti sama sebe nikoli nisem videla v tej lu\u010di. Res je, da sem to ogledalo pogosto gledala zunaj sebe, vendar mi nikakor ni bilo jasno od kje ta podoba.<\/p>\n<p>Zdaj sem dojela, da imam o sebi tako slabo mnenje, da sploh ne opazim pohval ali lepih stvari, ki jih ljudje naredijo zame, zaradi \u010desar se pogosto zdim vzvi\u0161ena, kajti tisto na kar je bil naravnan moj radar od otro\u0161tva so bile kritike in to kaj vse je z menoj narobe. Kritika je bil znak, da moram nekaj spremeniti, nekaj popraviti, da nisem dovolj dobra, da je z menj nekaj narobe. In da se razumemo, o tem sem v preteklosti \u017ee pisala (razlika med ob\u010dutkom krivde in sramom), eno je ko ti lo\u010di\u0161 sebe od dejanj in drugo je, ko si prepri\u010dan, da \u010de je nekaj slabo narejeno je s teboj nekaj narobe. V procesu negovanja svojega notranjega otroka, tistega dela, ki je prevzel ranjenosti s strani moje mame, po \u017eenski liniji, ki je mo\u010dno vplivala na moj odnos do moje \u017eenstvenosti, sem dojela, da sem vredna. Soo\u010dila sem se s svojo majhnostjo in potrebo po skrivanju, ter potrebo po tem, da ustre\u017eem vsem okoli sebe. Kon\u010dno sem objela svojo pun\u010dko v sebi.<\/p>\n<p>In ko si v tovrstni notranji drami, sploh ne opazi\u0161 daril, ker misli\u0161, da jih nisi vreden. Ker nisem videla same sebe, tudi pohval in komplimentov, daril drugih nisem opazila. Dojela sem, da se mora\u0161, da bi lahko bil hvale\u017een najprej sploh zavedati, da ti je bilo nekaj podarjeno. In \u010de si mnenja, da nisi vreden, da obstaja\u0161, potem ne zna\u0161 ceniti niti \u017eivljenja, niti vsega ostalega. Ne more\u0161 biti hvale\u017een, \u010de nisi dojel, da si darilo prejel oziroma \u010de \u010duti\u0161, da ga nisi vreden.<\/p>\n<p>Za mano je dolgo u\u010denje kako biti vredna, kako ceniti sebe in objeti lastno vrednost. Pravijo, da je tisto, kar so tvoji najve\u010dji izzivi, tvoje darilo svetu, kajti to je tisto, kar si izmojstril in zase vem, da je odnos z \u017eenstvenostjo v sebi moja najve\u010dja \u0161ola tega \u017eivljenja in zato sem se temu u\u010denju tudi tako dolgo upirla.<\/p>\n<p>Pomanjkanje samozavesti me je za dolgo prikraj\u0161alo za radost hvale\u017enosti. Sedaj vem, da sem vredna vsega kar imam in vsega, kar prejemam. In brezmejno sem hvale\u017ena moji sestri, ki mi je s svojim ogledalom pokazala na skriti del mene, da mi je osvetlila ta nevidni del, kjer se nisem videla v celoti. Zdaj se vidim in zdaj sem pomirjena z vsemi aspekti, ki so mi leta dolgo povzro\u010dali sive lase. Pogosto sem vmes mislila, da sem dojela, vendar se je film vedno znova zavrtel v mojem \u017eivljenju in v norost me je spravljalo dejstvo, da sem \u017ee toliko \u010dasa, energije in denarja dala temu aspektu sebe z minimalnim rezultatom, kajti drama se je ponavljala.<\/p>\n<p>In kot vedno sem tudi tokrat dojela, da ne more\u0161 mimo najbolj temeljnih ranjenosti, ki jih nosi\u0161 v sebi, lahko jih pomete\u0161 pod preprogo za nekaj \u010dasa, lahko se dela\u0161, da jih ni, jih zanika\u0161, vendar \u010de \u017eeli\u0161 resni\u010dno prese\u010di samega sebe, se mora\u0161 s svojimi ranjenostmi spogledati, si jih priznati in pogledati kje in kako ti slu\u017eijo. In v tem se se izmojstrila. In danes lahko re\u010dem le, da sem hvale\u017ena. Hvale\u017ena za vsako stopinjo, ki jo delam na zemlji, hvale\u017ena za vsak vdih in izdih, ki ga delim z ljudmi sveta, hvale\u017ena sem za vsako zrno peska in vsak son\u010dni \u017earek, kajti zdaj vem, da sem tega vredna.<\/p>\n<p>V \u010detrtek je \u0161e ena prilo\u017enost, da se nam pridru\u017ei\u0161 v skupini DivineFeminine. 8.3.2013 pa bom predstavila nov program za \u017denske &#8230; Negovanje Maternice.<\/p>\n<p>Danes delam stopinje hvale\u017enosti in posipam \u010darobni prah hvale\u017enosti. In iskri se \u0161e mo\u010dneje kot prej. Bodite v cvetju. Pri nas \u017ee cvetijo zvon\u010dki in \u017eefrani.<\/p>\n<p>Taja Albolena<\/p>\n<p>&nbsp;<\/p>\n","protected":false},"excerpt":{"rendered":"<p>18 dni intentivnega osredoto\u010danja na hvale\u017enost je za nami in to notranje popotovanje, tako kot mnoga pred njim, mi odpira vrata v notranjost. Ker poleg tega potujem s skupino tudi skozi DivineFeminine in prebujam svojo \u017eenstvenost, se mi je odstrl pogled na pomemben del\u010dek mojega notranjega mozaika. \u0160tevilni ljudje mi povedo, da so imeli na [&hellip;]<\/p>\n","protected":false},"author":1,"featured_media":0,"comment_status":"open","ping_status":"open","sticky":false,"template":"","format":"standard","meta":{"footnotes":""},"categories":[1],"tags":[],"class_list":["post-371","post","type-post","status-publish","format-standard","hentry","category-ljubim-sebe"],"_links":{"self":[{"href":"http:\/\/divine.si\/blog\/wp-json\/wp\/v2\/posts\/371","targetHints":{"allow":["GET"]}}],"collection":[{"href":"http:\/\/divine.si\/blog\/wp-json\/wp\/v2\/posts"}],"about":[{"href":"http:\/\/divine.si\/blog\/wp-json\/wp\/v2\/types\/post"}],"author":[{"embeddable":true,"href":"http:\/\/divine.si\/blog\/wp-json\/wp\/v2\/users\/1"}],"replies":[{"embeddable":true,"href":"http:\/\/divine.si\/blog\/wp-json\/wp\/v2\/comments?post=371"}],"version-history":[{"count":3,"href":"http:\/\/divine.si\/blog\/wp-json\/wp\/v2\/posts\/371\/revisions"}],"predecessor-version":[{"id":375,"href":"http:\/\/divine.si\/blog\/wp-json\/wp\/v2\/posts\/371\/revisions\/375"}],"wp:attachment":[{"href":"http:\/\/divine.si\/blog\/wp-json\/wp\/v2\/media?parent=371"}],"wp:term":[{"taxonomy":"category","embeddable":true,"href":"http:\/\/divine.si\/blog\/wp-json\/wp\/v2\/categories?post=371"},{"taxonomy":"post_tag","embeddable":true,"href":"http:\/\/divine.si\/blog\/wp-json\/wp\/v2\/tags?post=371"}],"curies":[{"name":"wp","href":"https:\/\/api.w.org\/{rel}","templated":true}]}}