{"id":384,"date":"2013-03-14T22:18:35","date_gmt":"2013-03-14T21:18:35","guid":{"rendered":"http:\/\/divine.si\/blog\/?p=384"},"modified":"2015-11-20T17:39:31","modified_gmt":"2015-11-20T16:39:31","slug":"uzitek-samo-je","status":"publish","type":"post","link":"http:\/\/divine.si\/blog\/uzitek-samo-je\/","title":{"rendered":"U\u017eitek samo je!"},"content":{"rendered":"<div class=\"fcbkbttn_buttons_block\" id=\"fcbkbttn_left\"><div class=\"fcbkbttn_button\">\n                            <a href=\"https:\/\/www.facebook.com\/\" target=\"_blank\">\n                                <img decoding=\"async\" src=\"http:\/\/divine.si\/blog\/wp-content\/plugins\/facebook-button-plugin\/images\/standard-facebook-ico.png\" alt=\"Fb-Button\" \/>\n                            <\/a>\n                        <\/div><div class=\"fcbkbttn_like \"><fb:like href=\"http:\/\/divine.si\/blog\/uzitek-samo-je\/\" action=\"like\" colorscheme=\"light\" layout=\"button_count\"  size=\"small\"><\/fb:like><\/div><\/div><p>U\u017eitek ni ne slab in ne dober, sam po sebi, samo je. In, ko ga zmoremo prepoznati kot silo vitalnosti in potencial, ki ga v sebi nosi za nas, se za\u010dne prebujati tista \u017eivost in vitalnost v na\u0161ih globinah, ki nato na povr\u0161je prinese vse, kar nam prepre\u010duje, da bi resni\u010dno u\u017eivali v \u017eivljenju.<\/p>\n<p>Ne v njegovih nadomestkih, v odvisnostih, ki zapolnijo praznino \u017eenski ali odstranijo kaos mo\u0161kim. U\u017eitek je ob\u010dutenje vitalnosti, je ob\u010dutenje so\u010dnosti \u017eivljenja, je utele\u0161enost pozitivne motivacije, ki izhaja iz nas, iz notranjosti. In u\u017eitek je odvisen od tega kako energi\u010dni, \u017eivi in spro\u0161\u010deni hkrati znamo biti.<\/p>\n<p>In ta u\u017eitek, mi je odprl vulkan vsega zanikanega, zatrtega, zakr\u010denega v meni. \u010ce ne bi vedela, da se je potrebno, ko hodi\u0161 po poti avtenti\u010dnosti in ljubezni, soo\u010diti tudi s svojim notranjim sranjem, bi v tem trenutku upravi\u010deno mislila, da sem se izgubila, da sem izgubila stik z realnostjo in sploh, da me ves svet &#8220;zajebava&#8221;.<\/p>\n<p>Vendar je toliko daril, ki prihajajo hkrati z vsemi grozljivostmi, da sem pomirjena. Toliko, kot se mi je zgodilo v zadnjem tednu \u017ee dolgo nisem imela na svojem programu. In vendar, kot pravijo modri ljudje; Tudi to bo minilo.<\/p>\n<p>Brezmejno sem hvale\u017ena vsem boginjam in angelom, ja tebi, ti si ta angel, ta boginja, kajti to, da lahko delim in da lahko sprejemam je gibalo \u017eivljenja. Ne vem, kako vi do\u017eivljate tale marec, ampak meni po\u0161teno daje vetra.<br \/>\nIn kot sem \u017ee nekje rekla, si vztrajno iz limon, ki jih prejemam delam limonado. Ne bom se prito\u017eevala, ni v mojem stilu. Kajti mojstrim se v tem, da opazujem lepe stvari in da sem hvale\u017ena, \u010deprav se moram pogosto zelo potruditi, da vidim blagoslove v stvareh, ki me spravljajo ob \u017eivce. Skriti blagoslovi, tisti, ki jih skriva bole\u010dina, skrb, strah, ogro\u017eenost, so najdragocenej\u0161i in v marcu zbiram prave dragulje.<\/p>\n<p>Hvala \u017eivljenju, da izku\u0161am. Hvala, da \u010dutim. Hvala, da imam mo\u017enost in prilo\u017enost, da izku\u0161am samo sebe, ta ko\u0161\u010dek bo\u017eanskega, ki je utele\u0161en v mojem telesu. In zdaj resni\u010dno razumem, sploh se ne dogaja vnebovzetje, ampak utele\u0161enje svetlobe. In izziv \u0161irjenja odpiranja, spro\u0161\u010denosti in u\u017eitka, navljub te\u017eavam, je moja dnevna praksa. Vsak dan znova presegam samo sebe.<\/p>\n<p>Hvala, da sem in da razumem, da se objemam kot bo\u017eansko, ki samo sebe izku\u0161a kot individualni vidik bo\u017eanskega.<\/p>\n<p>U\u017eitek je spev svobode,<br \/>\ntoda u\u017eitek ni svoboda.<br \/>\nU\u017eitek je razcvet tvojih \u017eelja,<br \/>\nvendar ne njih sad.<br \/>\nGlobina je, ki kli\u010de v vi\u0161ino,<br \/>\ntoda ni ne prepad in ne vrh.<br \/>\nZapornik je, ki vzleta,<br \/>\ntoda ni prostor, ki ga obdaja.<br \/>\nDa, resni\u010dno, u\u017eitek je spev svobode.<br \/>\nIn prav rad bi vas ga sli\u0161al peti z vsem srcem;<br \/>\ntoda ne bi vas hotel videti, kako izgubljate srce<br \/>\nv petju.<br \/>\nIn va\u0161e telo je harfa va\u0161e du\u0161e<br \/>\nin od vas je odvisno ali boste iz nje izvabili ubrano melodijo ali zmedene glasove.<\/p>\n<p>Zato si zapomnite, da pomenita dajanje in sprejemanje u\u017eitka potrebo in zanos.<\/p>\n<p>Kahlil Gibran<\/p>\n<p>Bodi Sijajno!<br \/>\nTaja Albolena<\/p>\n","protected":false},"excerpt":{"rendered":"<p>U\u017eitek ni ne slab in ne dober, sam po sebi, samo je. In, ko ga zmoremo prepoznati kot silo vitalnosti in potencial, ki ga v sebi nosi za nas, se za\u010dne prebujati tista \u017eivost in vitalnost v na\u0161ih globinah, ki nato na povr\u0161je prinese vse, kar nam prepre\u010duje, da bi resni\u010dno u\u017eivali v \u017eivljenju. Ne [&hellip;]<\/p>\n","protected":false},"author":1,"featured_media":0,"comment_status":"open","ping_status":"open","sticky":false,"template":"","format":"standard","meta":{"footnotes":""},"categories":[1,3],"tags":[],"class_list":["post-384","post","type-post","status-publish","format-standard","hentry","category-ljubim-sebe","category-zenska"],"_links":{"self":[{"href":"http:\/\/divine.si\/blog\/wp-json\/wp\/v2\/posts\/384","targetHints":{"allow":["GET"]}}],"collection":[{"href":"http:\/\/divine.si\/blog\/wp-json\/wp\/v2\/posts"}],"about":[{"href":"http:\/\/divine.si\/blog\/wp-json\/wp\/v2\/types\/post"}],"author":[{"embeddable":true,"href":"http:\/\/divine.si\/blog\/wp-json\/wp\/v2\/users\/1"}],"replies":[{"embeddable":true,"href":"http:\/\/divine.si\/blog\/wp-json\/wp\/v2\/comments?post=384"}],"version-history":[{"count":3,"href":"http:\/\/divine.si\/blog\/wp-json\/wp\/v2\/posts\/384\/revisions"}],"predecessor-version":[{"id":2353,"href":"http:\/\/divine.si\/blog\/wp-json\/wp\/v2\/posts\/384\/revisions\/2353"}],"wp:attachment":[{"href":"http:\/\/divine.si\/blog\/wp-json\/wp\/v2\/media?parent=384"}],"wp:term":[{"taxonomy":"category","embeddable":true,"href":"http:\/\/divine.si\/blog\/wp-json\/wp\/v2\/categories?post=384"},{"taxonomy":"post_tag","embeddable":true,"href":"http:\/\/divine.si\/blog\/wp-json\/wp\/v2\/tags?post=384"}],"curies":[{"name":"wp","href":"https:\/\/api.w.org\/{rel}","templated":true}]}}